{"provider_url": "https://www.paranatinga.mt.leg.br", "title": "Sess\u00f5es e Audi\u00eancias P\u00fablicas ao Vivo", "html": "<p><a class=\"external-link\" href=\"https://www.instagram.com/camaramunicipalptga?igsh=MTN4ajRubXZybnFvNQ==\" target=\"_self\" title=\"\"><img src=\"https://www.paranatinga.mt.leg.br/imagens/instagran/@@images/9ec02030-ae18-42cf-a06a-fcdaeb1419c5.jpeg\" alt=\"Instagran\" class=\"image-inline\" title=\"Instagran\" /></a>\u00a0 \u00a0\u00a0<a class=\"external-link\" href=\"https://www.facebook.com/camaramunicipalptga\" target=\"_self\" title=\"\">\u00a0<img src=\"https://www.paranatinga.mt.leg.br/imagens/facebook/@@images/530196be-39a7-4b3a-ad7d-2315811cb273.jpeg\" alt=\"facebook\" class=\"image-inline\" title=\"facebook\" /></a>\u00a0<a class=\"external-link\" href=\"https://www.youtube.com/channel/UCki6yrH5T-vGjK530VYTbjA\" target=\"_self\" title=\"\"> \u00a0<img src=\"https://www.paranatinga.mt.leg.br/imagens/yotube/@@images/21611fbf-b681-47b3-91c3-5774013fba0d.jpeg\" alt=\"Yotube\" class=\"image-inline\" title=\"Yotube\" />\u00a0 \u00a0</a></p>", "author_name": "", "version": "1.0", "author_url": "https://www.paranatinga.mt.leg.br/author/camara", "provider_name": "C\u00e2mara Municipal de Paranatinga", "type": "rich"}